{"id":4108,"date":"2018-11-08T16:50:14","date_gmt":"2018-11-08T16:50:14","guid":{"rendered":"http:\/\/www.cofestival.si\/2018\/?p=4108"},"modified":"2018-11-15T17:04:10","modified_gmt":"2018-11-15T17:04:10","slug":"rok-vevar-dan-noc-clovek-ritem-antologija-slovenske-sodobnoplesne-publicistike-1918-1960-day-night-man-rhythm-anhtology-of-slovenian-contemporary-dance-criticism-1918-1960","status":"publish","type":"post","link":"http:\/\/www.cofestival.si\/2018\/rok-vevar-dan-noc-clovek-ritem-antologija-slovenske-sodobnoplesne-publicistike-1918-1960-day-night-man-rhythm-anhtology-of-slovenian-contemporary-dance-criticism-1918-1960\/","title":{"rendered":"Rok Vevar: Dan, no\u010d + \u010dlovek = ritem: Antologija slovenske sodobnoplesne publicistike 1918\u20131960 (Day, Night + Man = Rhythm: Anthology of Slovenian Contemporary Dance Criticism 1918 &#8211; 1960), predstavitev knjige in pogovor"},"content":{"rendered":"<em><u>torek, 27. 11. 2018 \/\/ Tuesday, 27<sup>th<\/sup> November 2018<\/u><\/em><\/p>\n<p><u>ob 16.30, MSUM<\/u><\/p>\n<p>Vstop prost\/Free Entrance<\/p>\n<p>&nbsp;<\/p>\n<p>Izbral in uredil\/Selected and Edited by: Rok Vevar<\/p>\n<p>Urednica zbirke\/Editor of Series: Amelia Kraigher<\/p>\n<p>Urednik\/Editor: Gregor Moder<\/p>\n<p>izdajatelji\/Publishers: Maska, zavod za zalo\u017eni\u0161ko, kulturno in producentsko dejavnost, Nomad Dance Academy Slovenia, Javni sklad Republike Slovenije za kulturne dejavnosti<\/p>\n<p>Uredni\u0161ka pomo\u010d\/Editorial Assistance: Iztok Ilc, Jasmina Zalo\u017enik<\/p>\n<p>Avtorja spremnih besedil\/Authors of Introduction: Rok Vevar, Aldo Milohni\u0107<\/p>\n<p>Jezikovni pregled\/Proofreading: Iztok Ilc<\/p>\n<p>Oblikovanje in prelom\/Graphic Design and DTP: Ajdin Ba\u0161i\u0107, Iztok Kham<\/p>\n<p>za zalo\u017ebo\/for the Publisher: Janez Jan\u0161a (Maska) Dragana Alfirevi\u0107 (NDA Slovenija) Marko Repnik (JSKD)<\/p>\n<p>Izdajo knjige je sofinancirala Javna agencija za knjigo Republike Slovenije. Iz\u0161lo s pomo\u010djo Mestne ob\u010dine Ljubljana. Sofinancira program Evropske unije Ustvarjalna Evropa v okviru DANCE ON PASS ON DREAM ON. Podpora Evropske komisije pri izdelavi te publikacije ne pomeni nujno tudi podporo njeni vsebini, saj le-ta odra\u017ea samo mnenja in stali\u0161\u010da avtorjev. Komisija ni odgovorna za kakr\u0161nokoli uporabo informacij iz tega dokumenta. \/ With the support of the Creative Europe programme of the European Union within the frame of DANCE ON PASS ON DREAM ON. The European Commission support for the production of this publication does not constitute an endorsement of the contents which reflects the views only of the authors, and the Commission cannot be held responsible for any use which may be made of the information contained therein.<\/p>\n<p>&nbsp;<\/p>\n<p>Dogodek so omogo\u010dili\/Event Enabled by:<\/p>\n<p><a href=\"http:\/\/www.cofestival.si\/2018\/wp-content\/uploads\/sites\/12\/2018\/11\/DOPODO.jpg\"><img loading=\"lazy\" decoding=\"async\" class=\"alignnone wp-image-4029\" src=\"http:\/\/www.cofestival.si\/2018\/wp-content\/uploads\/sites\/12\/2018\/11\/DOPODO-300x165.jpg\" alt=\"\" width=\"124\" height=\"68\" srcset=\"http:\/\/www.cofestival.si\/2018\/wp-content\/uploads\/sites\/12\/2018\/11\/DOPODO-300x165.jpg 300w, http:\/\/www.cofestival.si\/2018\/wp-content\/uploads\/sites\/12\/2018\/11\/DOPODO-768x422.jpg 768w, http:\/\/www.cofestival.si\/2018\/wp-content\/uploads\/sites\/12\/2018\/11\/DOPODO-1024x563.jpg 1024w\" sizes=\"auto, (max-width: 124px) 100vw, 124px\" \/><\/a> <a href=\"http:\/\/www.cofestival.si\/2018\/wp-content\/uploads\/sites\/12\/2018\/11\/creative-europe.png\"><img loading=\"lazy\" decoding=\"async\" class=\"alignnone wp-image-4051\" src=\"http:\/\/www.cofestival.si\/2018\/wp-content\/uploads\/sites\/12\/2018\/11\/creative-europe-300x95.png\" alt=\"\" width=\"202\" height=\"64\" srcset=\"http:\/\/www.cofestival.si\/2018\/wp-content\/uploads\/sites\/12\/2018\/11\/creative-europe-300x95.png 300w, http:\/\/www.cofestival.si\/2018\/wp-content\/uploads\/sites\/12\/2018\/11\/creative-europe-768x244.png 768w, http:\/\/www.cofestival.si\/2018\/wp-content\/uploads\/sites\/12\/2018\/11\/creative-europe-1024x326.png 1024w\" sizes=\"auto, (max-width: 202px) 100vw, 202px\" \/><\/a><\/p>\n<p>V knjigi <em>DAN, NO\u010c + \u010cLOVEK = RITEM: Antologija slovenske sodobnoplesne publicistike 1918\u22121960<\/em> (Maska Ljubljana, Nomad Dance Academy Slovenija, JSKD, 2018) so zbrani teoretski, zgodovinski in kriti\u0161ki \u010dlanki o sodobnem plesu, modernem baletu in plesni kulturi, ki so bili v doma\u010dem periodi\u010dnem tisku objavljeni med obema vojnama in poldrugem desetletju po zaklju\u010dku druge. Raziskava za antologijo je pokazala, kako obse\u017ena in \u017eiva je bila doma\u010da publicisti\u010dna produkcija in kako izjemno je bilo zanimanje za tovrstno umetnost in njeno kulturo v obdobju obeh monarhij in prve socialisti\u010dne Jugoslavije. Antologija prve doma\u010de publicisti\u010dne prispevke s podro\u010dja zgodovine in teorije sodobnega plesa in modernega baleta predstavi v sklopih, v katere so razvr\u0161\u010deni prvi poskusi refleksije doma\u010de plesne zgodovine (Rado Kregar), vizionarske teoretizacije sodobnega plesa v krogih doma\u010dih zgodovinskih avantgard, natan\u010dneje, konstruktivistov in tankovcev (Ferdo Delak, Avgust \u010cernigoj), teorije sodobnega plesa in modernega telesa v krogih mladinskega kr\u0161\u010dansko-socialnega gibanja, t. i. kri\u017earjev (Franjo \u010cibej, Pino Mlakar) ter kulturne zgodovine klasi\u010dne in moderne plesne umetnosti (Kristina Vrhovec &#8211; Brenk). Sledijo kriti\u0161ki in esejisti\u010dni prispevki, ki popisujejo in kriti\u0161ko motrijo plesno delo protagonistov sodobnega plesa in modernega baleta (Lidija Wisiak in Vaclav Vl\u010dek, Rut Vavpoti\u010d, Meta Vidmar, Katja Delak, Pia in Pino Mlakar, Marta Paulin &#8211; Brina) takratnega slovenskega kulturnega prostora, ki je od svojih za\u010detkov izrazito medkulturen in mednaroden. Poglavje Doba plesa in telesa je ozek izbor sicer nepreglednega korpusa plesno-kulturne publicistike med obema vojnama in si prizadeva bralcu predstaviti predvsem \u0161irino njenega spektra. Knjigo zaklju\u010duje poglavje Vrag na vasi \u2013 ples v Sloveniji 1946\u22121960, v katerem je prete\u017eno z zapiski Pie in Pina Mlakarja dokumentiran poskus institucionalizacije moderne plesne umetnosti v okviru baleta SNG v Ljubljani in vzpostavitve kulturnega projekta novega jugoslovanskega baleta. V nevroti\u010dnem obdobju razvoja jugoslovanske socialisti\u010dne izjeme, ki je tudi na podro\u010dju umetnosti in kulture rapidno spreminjal svoje mo\u017ene smeri, se je to ob sklenitvi 50. let zaradi razli\u010dnih razlogov izkazovalo kot vse bolj nemogo\u010d projekt, o \u010demer pri\u010data dva \u010dlanka Ksenije Hribar v Epilogu. Publicisti\u010dne dokumente, ki so zbrani v <em>Antologiji<\/em>, kontekstualizirajo izvirni \u010dlanki Roka Vevarja (urednik) in dr. Alda Milohni\u0107a, jezikovno je knjigo uredil Iztok Ilc, asistentka urednika pa je bila Jasmina Zalo\u017enik. Tej antologiji bo sledil drugi del, v katerem bodo dokumentirane te\u017enje sodobnoplesne publicistike med letoma 1960 in 1999, ko sodobni ples za\u010dne odlo\u010dno predstavljati vzporednico doma\u010di institucionalni kulturni mre\u017ei.","protected":false},"excerpt":{"rendered":"<p>torek, 27. 11. 2018 \/\/ Tuesday, 27th November 2018 ob 16.30, MSUM Vstop prost\/Free Entrance &nbsp; Izbral in uredil\/Selected and Edited by: Rok Vevar Urednica zbirke\/Editor of Series: Amelia Kraigher Urednik\/Editor: Gregor Moder izdajatelji\/Publishers: Maska, zavod za zalo\u017eni\u0161ko, kulturno in producentsko dejavnost, Nomad Dance Academy Slovenia, Javni sklad Republike Slovenije za kulturne dejavnosti Uredni\u0161ka pomo\u010d\/Editorial [&hellip;]<\/p>\n","protected":false},"author":1,"featured_media":0,"comment_status":"open","ping_status":"open","sticky":false,"template":"","format":"standard","meta":{"footnotes":""},"categories":[1],"tags":[],"class_list":["post-4108","post","type-post","status-publish","format-standard","hentry","category-uncategorized"],"_links":{"self":[{"href":"http:\/\/www.cofestival.si\/2018\/wp-json\/wp\/v2\/posts\/4108","targetHints":{"allow":["GET"]}}],"collection":[{"href":"http:\/\/www.cofestival.si\/2018\/wp-json\/wp\/v2\/posts"}],"about":[{"href":"http:\/\/www.cofestival.si\/2018\/wp-json\/wp\/v2\/types\/post"}],"author":[{"embeddable":true,"href":"http:\/\/www.cofestival.si\/2018\/wp-json\/wp\/v2\/users\/1"}],"replies":[{"embeddable":true,"href":"http:\/\/www.cofestival.si\/2018\/wp-json\/wp\/v2\/comments?post=4108"}],"version-history":[{"count":0,"href":"http:\/\/www.cofestival.si\/2018\/wp-json\/wp\/v2\/posts\/4108\/revisions"}],"wp:attachment":[{"href":"http:\/\/www.cofestival.si\/2018\/wp-json\/wp\/v2\/media?parent=4108"}],"wp:term":[{"taxonomy":"category","embeddable":true,"href":"http:\/\/www.cofestival.si\/2018\/wp-json\/wp\/v2\/categories?post=4108"},{"taxonomy":"post_tag","embeddable":true,"href":"http:\/\/www.cofestival.si\/2018\/wp-json\/wp\/v2\/tags?post=4108"}],"curies":[{"name":"wp","href":"https:\/\/api.w.org\/{rel}","templated":true}]}}