{"id":3431,"date":"2017-06-26T08:07:05","date_gmt":"2017-06-26T08:07:05","guid":{"rendered":"http:\/\/www.cofestival.si\/2016\/?p=3431"},"modified":"2017-08-04T14:05:53","modified_gmt":"2017-08-04T14:05:53","slug":"letos-bo-v-znamenju-sodobnega-plesa-ze-september","status":"publish","type":"post","link":"http:\/\/www.cofestival.si\/2016\/blog\/2017\/06\/26\/letos-bo-v-znamenju-sodobnega-plesa-ze-september\/","title":{"rendered":"Letos bo v znamenju sodobnega plesa \u017ee september!"},"content":{"rendered":"<div id=\"attachment_3432\" style=\"width: 561px\" class=\"wp-caption alignnone\"><a href=\"http:\/\/www.cofestival.si\/2016\/wp-content\/uploads\/sites\/8\/2017\/06\/GRIND1small\u00a9IvoHofste1111.jpg\"><img loading=\"lazy\" decoding=\"async\" aria-describedby=\"caption-attachment-3432\" class=\" wp-image-3432\" src=\"http:\/\/www.cofestival.si\/2016\/wp-content\/uploads\/sites\/8\/2017\/06\/GRIND1small\u00a9IvoHofste1111.jpg\" alt=\"\" width=\"551\" height=\"331\" srcset=\"http:\/\/www.cofestival.si\/2016\/wp-content\/uploads\/sites\/8\/2017\/06\/GRIND1small\u00a9IvoHofste1111.jpg 1000w, http:\/\/www.cofestival.si\/2016\/wp-content\/uploads\/sites\/8\/2017\/06\/GRIND1small\u00a9IvoHofste1111-300x180.jpg 300w, http:\/\/www.cofestival.si\/2016\/wp-content\/uploads\/sites\/8\/2017\/06\/GRIND1small\u00a9IvoHofste1111-768x461.jpg 768w\" sizes=\"auto, (max-width: 551px) 100vw, 551px\" \/><\/a><p id=\"caption-attachment-3432\" class=\"wp-caption-text\">Viktor G\u00e5rds\u00e4te: Performance GRIND by Jefta van Dinther, Minna Tiikkainen and David Kiers<\/p><\/div>\n<p><strong>CoFestival, mednarodni festival sodobnega plesa, se bo letos odvijal od 16. do 24. septembra na razli\u010dnih ljubljanskih prizori\u0161\u010dih. Postregli vam bomo z mednarodnimi in doma\u010dimi produkcijami, umetni\u0161kimi delavnicami, predstavitvami, pogovori in filmskim ve\u010derom.<\/strong><\/p>\n<p><a href=\"http:\/\/www.cofestival.si\/\"><strong>CoFestival 2017<\/strong><\/a> je sti\u010di\u0161\u010de umetni\u0161ke in produkcijske mo\u010di Kina \u0160i\u0161ka ter Nomad Dance Akademije in sodelovanja s partnerji doma ter na tujem.<\/p>\n<p>Z veseljem \u017ee lahko potrdimo prihod slede\u010dih umetnic_kov: <strong>Doris Uhlich,\u00a0Christos Papadopoulus, Martin Nachbar, Barbara Matijevic, Jefta van Dinther, Mateja Bucar, Rodrigo Sobarzo de Larraechea, Samuel Lefeuvre, Andrea Bozic, Willi Dorner, Andreja Rauch Podrzavnik, Jana Jevtovic, Celine Larrere, Jack Walsh<\/strong> in<strong> Magdalena Chowaniec<\/strong>.<\/p>\n<p>V sodelovanju s festivalom Spider pripravljamo tudi premierno uprizoritev predstave <em>Chorus<\/em> avtorjev <strong>\u017digana Kranj\u010dana<\/strong>, <strong>Ga\u0161perja Kun\u0161ka<\/strong> in <strong>Jana Krmelja<\/strong>.<\/p>\n<p>Za najnovej\u0161e informacije in najave nam lahko sledite na <a href=\"https:\/\/www.facebook.com\/cofestivaldance\/\">Facebooku<\/a>.","protected":false},"excerpt":{"rendered":"<p>CoFestival, mednarodni festival sodobnega plesa, se bo letos odvijal od 16. do 24. septembra na razli\u010dnih ljubljanskih prizori\u0161\u010dih. Postregli vam bomo z mednarodnimi in doma\u010dimi produkcijami, umetni\u0161kimi delavnicami, predstavitvami, pogovori in filmskim ve\u010derom.<\/p>\n","protected":false},"author":1,"featured_media":0,"comment_status":"open","ping_status":"open","sticky":false,"template":"","format":"standard","meta":{"footnotes":""},"categories":[4],"tags":[],"class_list":["post-3431","post","type-post","status-publish","format-standard","hentry","category-novice"],"_links":{"self":[{"href":"http:\/\/www.cofestival.si\/2016\/wp-json\/wp\/v2\/posts\/3431","targetHints":{"allow":["GET"]}}],"collection":[{"href":"http:\/\/www.cofestival.si\/2016\/wp-json\/wp\/v2\/posts"}],"about":[{"href":"http:\/\/www.cofestival.si\/2016\/wp-json\/wp\/v2\/types\/post"}],"author":[{"embeddable":true,"href":"http:\/\/www.cofestival.si\/2016\/wp-json\/wp\/v2\/users\/1"}],"replies":[{"embeddable":true,"href":"http:\/\/www.cofestival.si\/2016\/wp-json\/wp\/v2\/comments?post=3431"}],"version-history":[{"count":0,"href":"http:\/\/www.cofestival.si\/2016\/wp-json\/wp\/v2\/posts\/3431\/revisions"}],"wp:attachment":[{"href":"http:\/\/www.cofestival.si\/2016\/wp-json\/wp\/v2\/media?parent=3431"}],"wp:term":[{"taxonomy":"category","embeddable":true,"href":"http:\/\/www.cofestival.si\/2016\/wp-json\/wp\/v2\/categories?post=3431"},{"taxonomy":"post_tag","embeddable":true,"href":"http:\/\/www.cofestival.si\/2016\/wp-json\/wp\/v2\/tags?post=3431"}],"curies":[{"name":"wp","href":"https:\/\/api.w.org\/{rel}","templated":true}]}}